{"id":25511,"date":"2025-07-03T10:16:56","date_gmt":"2025-07-03T10:16:56","guid":{"rendered":"https:\/\/gorskikotar.hr\/?p=25511"},"modified":"2025-07-03T10:16:57","modified_gmt":"2025-07-03T10:16:57","slug":"27-dan-borovnica-drazen-zecic","status":"publish","type":"post","link":"https:\/\/gorskikotar.hr\/fr\/27-dan-borovnica-drazen-zecic\/","title":{"rendered":"27. DAN BOROVNICA \u2013 DRA\u017dEN ZE\u010cI\u0106"},"content":{"rendered":"","protected":false},"excerpt":{"rendered":"","protected":false},"author":1,"featured_media":0,"comment_status":"closed","ping_status":"open","sticky":false,"template":"","format":"standard","meta":{"_acf_changed":false,"footnotes":""},"categories":[69,16,23],"tags":[],"class_list":["post-25511","post","type-post","status-publish","format-standard","hentry","category-dogadanja","category-lokacija","category-ravna-gora"],"acf":[],"_links":{"self":[{"href":"https:\/\/gorskikotar.hr\/fr\/wp-json\/wp\/v2\/posts\/25511","targetHints":{"allow":["GET"]}}],"collection":[{"href":"https:\/\/gorskikotar.hr\/fr\/wp-json\/wp\/v2\/posts"}],"about":[{"href":"https:\/\/gorskikotar.hr\/fr\/wp-json\/wp\/v2\/types\/post"}],"author":[{"embeddable":true,"href":"https:\/\/gorskikotar.hr\/fr\/wp-json\/wp\/v2\/users\/1"}],"replies":[{"embeddable":true,"href":"https:\/\/gorskikotar.hr\/fr\/wp-json\/wp\/v2\/comments?post=25511"}],"version-history":[{"count":1,"href":"https:\/\/gorskikotar.hr\/fr\/wp-json\/wp\/v2\/posts\/25511\/revisions"}],"predecessor-version":[{"id":25517,"href":"https:\/\/gorskikotar.hr\/fr\/wp-json\/wp\/v2\/posts\/25511\/revisions\/25517"}],"wp:attachment":[{"href":"https:\/\/gorskikotar.hr\/fr\/wp-json\/wp\/v2\/media?parent=25511"}],"wp:term":[{"taxonomy":"category","embeddable":true,"href":"https:\/\/gorskikotar.hr\/fr\/wp-json\/wp\/v2\/categories?post=25511"},{"taxonomy":"post_tag","embeddable":true,"href":"https:\/\/gorskikotar.hr\/fr\/wp-json\/wp\/v2\/tags?post=25511"}],"curies":[{"name":"wp","href":"https:\/\/api.w.org\/{rel}","templated":true}]}}