{"id":26265,"date":"2025-11-19T14:25:56","date_gmt":"2025-11-19T14:25:56","guid":{"rendered":"https:\/\/gorskikotar.hr\/?p=26265"},"modified":"2025-11-19T14:25:56","modified_gmt":"2025-11-19T14:25:56","slug":"ljubavna-prica-durde-i-franka","status":"publish","type":"post","link":"https:\/\/gorskikotar.hr\/fr\/ljubavna-prica-durde-i-franka\/","title":{"rendered":"LJUBAVNA PRI\u010cA \u0110UR\u0110E I FRANKA"},"content":{"rendered":"","protected":false},"excerpt":{"rendered":"","protected":false},"author":1,"featured_media":0,"comment_status":"closed","ping_status":"open","sticky":false,"template":"","format":"standard","meta":{"_acf_changed":false,"footnotes":""},"categories":[69,16,23],"tags":[],"class_list":["post-26265","post","type-post","status-publish","format-standard","hentry","category-dogadanja","category-lokacija","category-ravna-gora"],"acf":[],"_links":{"self":[{"href":"https:\/\/gorskikotar.hr\/fr\/wp-json\/wp\/v2\/posts\/26265","targetHints":{"allow":["GET"]}}],"collection":[{"href":"https:\/\/gorskikotar.hr\/fr\/wp-json\/wp\/v2\/posts"}],"about":[{"href":"https:\/\/gorskikotar.hr\/fr\/wp-json\/wp\/v2\/types\/post"}],"author":[{"embeddable":true,"href":"https:\/\/gorskikotar.hr\/fr\/wp-json\/wp\/v2\/users\/1"}],"replies":[{"embeddable":true,"href":"https:\/\/gorskikotar.hr\/fr\/wp-json\/wp\/v2\/comments?post=26265"}],"version-history":[{"count":1,"href":"https:\/\/gorskikotar.hr\/fr\/wp-json\/wp\/v2\/posts\/26265\/revisions"}],"predecessor-version":[{"id":26276,"href":"https:\/\/gorskikotar.hr\/fr\/wp-json\/wp\/v2\/posts\/26265\/revisions\/26276"}],"wp:attachment":[{"href":"https:\/\/gorskikotar.hr\/fr\/wp-json\/wp\/v2\/media?parent=26265"}],"wp:term":[{"taxonomy":"category","embeddable":true,"href":"https:\/\/gorskikotar.hr\/fr\/wp-json\/wp\/v2\/categories?post=26265"},{"taxonomy":"post_tag","embeddable":true,"href":"https:\/\/gorskikotar.hr\/fr\/wp-json\/wp\/v2\/tags?post=26265"}],"curies":[{"name":"wp","href":"https:\/\/api.w.org\/{rel}","templated":true}]}}