{"id":19530,"date":"2023-11-02T21:15:49","date_gmt":"2023-11-02T21:15:49","guid":{"rendered":"https:\/\/gorskikotar.hr\/?p=19530"},"modified":"2023-11-02T21:15:50","modified_gmt":"2023-11-02T21:15:50","slug":"noc-kazalista-u-trscu-covjek-koji-se-bojao-zaspati","status":"publish","type":"post","link":"https:\/\/gorskikotar.hr\/it\/noc-kazalista-u-trscu-covjek-koji-se-bojao-zaspati\/","title":{"rendered":"NO\u0106 KAZALI\u0160TA U TR\u0160\u0106U \u2013 \u010cOVJEK KOJI SE BOJAO ZASPATI"},"content":{"rendered":"","protected":false},"excerpt":{"rendered":"","protected":false},"author":1,"featured_media":0,"comment_status":"closed","ping_status":"open","sticky":false,"template":"","format":"standard","meta":{"_acf_changed":false,"footnotes":""},"categories":[18,69,16],"tags":[],"class_list":["post-19530","post","type-post","status-publish","format-standard","hentry","category-cabar","category-dogadanja","category-lokacija"],"acf":[],"_links":{"self":[{"href":"https:\/\/gorskikotar.hr\/it\/wp-json\/wp\/v2\/posts\/19530","targetHints":{"allow":["GET"]}}],"collection":[{"href":"https:\/\/gorskikotar.hr\/it\/wp-json\/wp\/v2\/posts"}],"about":[{"href":"https:\/\/gorskikotar.hr\/it\/wp-json\/wp\/v2\/types\/post"}],"author":[{"embeddable":true,"href":"https:\/\/gorskikotar.hr\/it\/wp-json\/wp\/v2\/users\/1"}],"replies":[{"embeddable":true,"href":"https:\/\/gorskikotar.hr\/it\/wp-json\/wp\/v2\/comments?post=19530"}],"version-history":[{"count":2,"href":"https:\/\/gorskikotar.hr\/it\/wp-json\/wp\/v2\/posts\/19530\/revisions"}],"predecessor-version":[{"id":19548,"href":"https:\/\/gorskikotar.hr\/it\/wp-json\/wp\/v2\/posts\/19530\/revisions\/19548"}],"wp:attachment":[{"href":"https:\/\/gorskikotar.hr\/it\/wp-json\/wp\/v2\/media?parent=19530"}],"wp:term":[{"taxonomy":"category","embeddable":true,"href":"https:\/\/gorskikotar.hr\/it\/wp-json\/wp\/v2\/categories?post=19530"},{"taxonomy":"post_tag","embeddable":true,"href":"https:\/\/gorskikotar.hr\/it\/wp-json\/wp\/v2\/tags?post=19530"}],"curies":[{"name":"wp","href":"https:\/\/api.w.org\/{rel}","templated":true}]}}