{"id":15770,"date":"2023-01-11T12:28:19","date_gmt":"2023-01-11T12:28:19","guid":{"rendered":"https:\/\/gorskikotar.hr\/?p=15770"},"modified":"2023-01-11T12:28:19","modified_gmt":"2023-01-11T12:28:19","slug":"tradicionalni-bozicno-novogodisnji-koncert-gimpla","status":"publish","type":"post","link":"https:\/\/gorskikotar.hr\/pl\/tradicionalni-bozicno-novogodisnji-koncert-gimpla\/","title":{"rendered":"TRADICIONALNI BO\u017dI\u0106NO &#8211; NOVOGODI\u0160NJI KONCERT GIMPLA"},"content":{"rendered":"","protected":false},"excerpt":{"rendered":"","protected":false},"author":1,"featured_media":0,"comment_status":"closed","ping_status":"open","sticky":false,"template":"","format":"standard","meta":{"_acf_changed":false,"footnotes":""},"categories":[69,16,23],"tags":[],"class_list":["post-15770","post","type-post","status-publish","format-standard","hentry","category-dogadanja","category-lokacija","category-ravna-gora"],"acf":[],"_links":{"self":[{"href":"https:\/\/gorskikotar.hr\/pl\/wp-json\/wp\/v2\/posts\/15770","targetHints":{"allow":["GET"]}}],"collection":[{"href":"https:\/\/gorskikotar.hr\/pl\/wp-json\/wp\/v2\/posts"}],"about":[{"href":"https:\/\/gorskikotar.hr\/pl\/wp-json\/wp\/v2\/types\/post"}],"author":[{"embeddable":true,"href":"https:\/\/gorskikotar.hr\/pl\/wp-json\/wp\/v2\/users\/1"}],"replies":[{"embeddable":true,"href":"https:\/\/gorskikotar.hr\/pl\/wp-json\/wp\/v2\/comments?post=15770"}],"version-history":[{"count":2,"href":"https:\/\/gorskikotar.hr\/pl\/wp-json\/wp\/v2\/posts\/15770\/revisions"}],"predecessor-version":[{"id":15776,"href":"https:\/\/gorskikotar.hr\/pl\/wp-json\/wp\/v2\/posts\/15770\/revisions\/15776"}],"wp:attachment":[{"href":"https:\/\/gorskikotar.hr\/pl\/wp-json\/wp\/v2\/media?parent=15770"}],"wp:term":[{"taxonomy":"category","embeddable":true,"href":"https:\/\/gorskikotar.hr\/pl\/wp-json\/wp\/v2\/categories?post=15770"},{"taxonomy":"post_tag","embeddable":true,"href":"https:\/\/gorskikotar.hr\/pl\/wp-json\/wp\/v2\/tags?post=15770"}],"curies":[{"name":"wp","href":"https:\/\/api.w.org\/{rel}","templated":true}]}}