{"id":16272,"date":"2023-02-23T06:57:49","date_gmt":"2023-02-23T06:57:49","guid":{"rendered":"https:\/\/gorskikotar.hr\/?p=16272"},"modified":"2023-03-01T16:45:40","modified_gmt":"2023-03-01T16:45:40","slug":"begini-i-zazara-bend-koncert-povodom-dana-zena","status":"publish","type":"post","link":"https:\/\/gorskikotar.hr\/sl\/begini-i-zazara-bend-koncert-povodom-dana-zena\/","title":{"rendered":"BEGINI I \u017dA\u017dARA BEND &#8211; KONCERT POVODOM DANA \u017dENA"},"content":{"rendered":"","protected":false},"excerpt":{"rendered":"","protected":false},"author":1,"featured_media":0,"comment_status":"closed","ping_status":"open","sticky":false,"template":"","format":"standard","meta":{"_acf_changed":false,"footnotes":""},"categories":[19,69,16],"tags":[],"class_list":["post-16272","post","type-post","status-publish","format-standard","hentry","category-delnice","category-dogadanja","category-lokacija"],"acf":[],"_links":{"self":[{"href":"https:\/\/gorskikotar.hr\/sl\/wp-json\/wp\/v2\/posts\/16272","targetHints":{"allow":["GET"]}}],"collection":[{"href":"https:\/\/gorskikotar.hr\/sl\/wp-json\/wp\/v2\/posts"}],"about":[{"href":"https:\/\/gorskikotar.hr\/sl\/wp-json\/wp\/v2\/types\/post"}],"author":[{"embeddable":true,"href":"https:\/\/gorskikotar.hr\/sl\/wp-json\/wp\/v2\/users\/1"}],"replies":[{"embeddable":true,"href":"https:\/\/gorskikotar.hr\/sl\/wp-json\/wp\/v2\/comments?post=16272"}],"version-history":[{"count":3,"href":"https:\/\/gorskikotar.hr\/sl\/wp-json\/wp\/v2\/posts\/16272\/revisions"}],"predecessor-version":[{"id":16303,"href":"https:\/\/gorskikotar.hr\/sl\/wp-json\/wp\/v2\/posts\/16272\/revisions\/16303"}],"wp:attachment":[{"href":"https:\/\/gorskikotar.hr\/sl\/wp-json\/wp\/v2\/media?parent=16272"}],"wp:term":[{"taxonomy":"category","embeddable":true,"href":"https:\/\/gorskikotar.hr\/sl\/wp-json\/wp\/v2\/categories?post=16272"},{"taxonomy":"post_tag","embeddable":true,"href":"https:\/\/gorskikotar.hr\/sl\/wp-json\/wp\/v2\/tags?post=16272"}],"curies":[{"name":"wp","href":"https:\/\/api.w.org\/{rel}","templated":true}]}}